{"id":6286,"date":"2022-03-10T20:06:34","date_gmt":"2022-03-10T20:06:34","guid":{"rendered":"https:\/\/www.asofinbolivia.com\/?p=6286"},"modified":"2023-07-24T19:16:43","modified_gmt":"2023-07-24T19:16:43","slug":"cnc-descarta-segundo-aguinaldo-por-afectacion-de-los-incendios","status":"publish","type":"post","link":"https:\/\/asofinbolivia.com\/index.php\/2022\/03\/10\/cnc-descarta-segundo-aguinaldo-por-afectacion-de-los-incendios\/","title":{"rendered":"CNC descarta segundo aguinaldo por afectaci\u00f3n de los incendios"},"content":{"rendered":"\t\t<div data-elementor-type=\"wp-post\" data-elementor-id=\"6286\" class=\"elementor elementor-6286\" data-elementor-post-type=\"post\">\n\t\t\t\t\t\t<section class=\"elementor-section elementor-top-section elementor-element elementor-element-a5571b7 elementor-section-boxed elementor-section-height-default elementor-section-height-default\" data-id=\"a5571b7\" data-element_type=\"section\">\n\t\t\t\t\t\t<div class=\"elementor-container elementor-column-gap-default\">\n\t\t\t\t\t<div class=\"elementor-column elementor-col-33 elementor-top-column elementor-element elementor-element-78cdc11\" data-id=\"78cdc11\" data-element_type=\"column\">\n\t\t\t<div class=\"elementor-widget-wrap elementor-element-populated\">\n\t\t\t\t\t\t<div class=\"elementor-element elementor-element-05fbea1 elementor-widget elementor-widget-shortcode\" data-id=\"05fbea1\" data-element_type=\"widget\" data-widget_type=\"shortcode.default\">\n\t\t\t\t<div class=\"elementor-widget-container\">\n\t\t\t\t\t\t\t<div class=\"elementor-shortcode\">\t\t<div data-elementor-type=\"section\" data-elementor-id=\"6235\" class=\"elementor elementor-6235\" data-elementor-post-type=\"elementor_library\">\n\t\t\t\t\t<section class=\"elementor-section elementor-top-section elementor-element elementor-element-cd8937b elementor-section-boxed elementor-section-height-default elementor-section-height-default\" data-id=\"cd8937b\" data-element_type=\"section\">\n\t\t\t\t\t\t<div class=\"elementor-container elementor-column-gap-default\">\n\t\t\t\t\t<div class=\"elementor-column elementor-col-100 elementor-top-column elementor-element elementor-element-40cee71\" data-id=\"40cee71\" data-element_type=\"column\">\n\t\t\t<div class=\"elementor-widget-wrap elementor-element-populated\">\n\t\t\t\t\t\t<div class=\"elementor-element elementor-element-75e4b08 elementor-widget elementor-widget-button\" data-id=\"75e4b08\" data-element_type=\"widget\" data-widget_type=\"button.default\">\n\t\t\t\t<div class=\"elementor-widget-container\">\n\t\t\t\t\t\t\t\t\t<div class=\"elementor-button-wrapper\">\n\t\t\t\t\t<a class=\"elementor-button elementor-button-link elementor-size-sm elementor-animation-skew-backward\" href=\"https:\/\/asofinbolivia.com\/index.php\/publicaciones\/\">\n\t\t\t\t\t\t<span class=\"elementor-button-content-wrapper\">\n\t\t\t\t\t\t<span class=\"elementor-button-icon\">\n\t\t\t\t<i aria-hidden=\"true\" class=\"fas fa-arrow-left\"><\/i>\t\t\t<\/span>\n\t\t\t\t\t\t\t\t\t<span class=\"elementor-button-text\">Volver Atr\u00e1s<\/span>\n\t\t\t\t\t<\/span>\n\t\t\t\t\t<\/a>\n\t\t\t\t<\/div>\n\t\t\t\t\t\t\t\t<\/div>\n\t\t\t\t<\/div>\n\t\t\t\t\t<\/div>\n\t\t<\/div>\n\t\t\t\t\t<\/div>\n\t\t<\/section>\n\t\t\t\t<\/div>\n\t\t<\/div>\n\t\t\t\t\t\t<\/div>\n\t\t\t\t<\/div>\n\t\t\t\t\t<\/div>\n\t\t<\/div>\n\t\t\t\t<div class=\"elementor-column elementor-col-33 elementor-top-column elementor-element elementor-element-d655a92\" data-id=\"d655a92\" data-element_type=\"column\">\n\t\t\t<div class=\"elementor-widget-wrap\">\n\t\t\t\t\t\t\t<\/div>\n\t\t<\/div>\n\t\t\t\t<div class=\"elementor-column elementor-col-33 elementor-top-column elementor-element elementor-element-fe65a24\" data-id=\"fe65a24\" data-element_type=\"column\">\n\t\t\t<div class=\"elementor-widget-wrap\">\n\t\t\t\t\t\t\t<\/div>\n\t\t<\/div>\n\t\t\t\t\t<\/div>\n\t\t<\/section>\n\t\t\t\t<section class=\"elementor-section elementor-top-section elementor-element elementor-element-6f461a5 elementor-section-full_width elementor-section-height-default elementor-section-height-default\" data-id=\"6f461a5\" data-element_type=\"section\">\n\t\t\t\t\t\t<div class=\"elementor-container elementor-column-gap-default\">\n\t\t\t\t\t<div class=\"elementor-column elementor-col-33 elementor-top-column elementor-element elementor-element-623dfc5\" data-id=\"623dfc5\" data-element_type=\"column\">\n\t\t\t<div class=\"elementor-widget-wrap\">\n\t\t\t\t\t\t\t<\/div>\n\t\t<\/div>\n\t\t\t\t<div class=\"elementor-column elementor-col-33 elementor-top-column elementor-element elementor-element-c87641e\" data-id=\"c87641e\" data-element_type=\"column\">\n\t\t\t<div class=\"elementor-widget-wrap elementor-element-populated\">\n\t\t\t\t\t\t<div class=\"elementor-element elementor-element-bcbd281 elementor-widget elementor-widget-heading\" data-id=\"bcbd281\" data-element_type=\"widget\" data-widget_type=\"heading.default\">\n\t\t\t\t<div class=\"elementor-widget-container\">\n\t\t\t\t\t<h2 class=\"elementor-heading-title elementor-size-default\">CNC descarta segundo aguinaldo por afectaci\u00f3n de los incendios<\/h2>\t\t\t\t<\/div>\n\t\t\t\t<\/div>\n\t\t\t\t<div class=\"elementor-element elementor-element-eaee42e elementor-widget elementor-widget-image\" data-id=\"eaee42e\" data-element_type=\"widget\" data-widget_type=\"image.default\">\n\t\t\t\t<div class=\"elementor-widget-container\">\n\t\t\t\t\t\t\t\t\t\t\t\t\t\t\t<img fetchpriority=\"high\" decoding=\"async\" width=\"600\" height=\"338\" src=\"https:\/\/asofinbolivia.com\/wp-content\/uploads\/2022\/03\/noticia27.jpg\" class=\"attachment-large size-large wp-image-6361\" alt=\"\" srcset=\"https:\/\/asofinbolivia.com\/wp-content\/uploads\/2022\/03\/noticia27.jpg 600w, https:\/\/asofinbolivia.com\/wp-content\/uploads\/2022\/03\/noticia27-300x169.jpg 300w\" sizes=\"(max-width: 600px) 100vw, 600px\" \/>\t\t\t\t\t\t\t\t\t\t\t\t\t\t\t<\/div>\n\t\t\t\t<\/div>\n\t\t\t\t<div class=\"elementor-element elementor-element-273df0e1 elementor-widget elementor-widget-text-editor\" data-id=\"273df0e1\" data-element_type=\"widget\" data-widget_type=\"text-editor.default\">\n\t\t\t\t<div class=\"elementor-widget-container\">\n\t\t\t\t\t\t\t\t\t<p>La C\u00e1mara Nacional de Comercio (CNC) descart\u00f3 ayer el pago del segundo aguinaldo para este a\u00f1o, por la afectaci\u00f3n econ\u00f3mica de los incendios en el departamento de Santa Cruz, la crisis econ\u00f3mica mundial y la ca\u00edda de la demanda de gas de Argentina y Brasil.<\/p><p>De acuerdo con el presidente de la CNC, Rolando Kempff, el peso del departamento de Santa Cruz en total del Producto Interno Bruto (PIB) es del 30%, del cual el 11% se vio afectado por los incendios forestales.<\/p><p>\u201cSanta Cruz representa el 30% del total del PIB. Dentro de ese porcentaje, el 11% est\u00e1 representado por ganader\u00eda, pastos, piscicultura, silvicultura, turismo, y ese 11% se va a ver afectado por los incendios \u00a0en algunos puntos; no est\u00e1n cuantificados en este momento, pero seguro m\u00e1s adelante se tendr\u00e1 un dato m\u00e1s certero\u201d, explic\u00f3 el presidente de la instituci\u00f3n empresarial.<\/p><p>El titular del \u00a0CNC se\u00f1al\u00f3 que su ente empresarial \u00a0estima que el PIB para este a\u00f1o rondar\u00e1 el 3,9% y el 4% de crecimiento, por lo que descarta el pago del segundo aguinaldo para este a\u00f1o.<\/p><p>Kempff agreg\u00f3 que el desempe\u00f1o de la econom\u00eda en 2019 tambi\u00e9n se ve \u00a0 afectado por \u00a0el contexto internacional: la ca\u00edda en la demanda de gas natural por parte de Argentina y Brasil.<\/p><p>\u201cTenemos en el contexto mundial lo que son los \u00a0ciclos econ\u00f3micos y este ciclo est\u00e1 terminando y est\u00e1 de bajada, asimismo, nuestros principales mercados para el gas, desde hace algunos meses est\u00e1n demandando menos y eso nos va a afectar totalmente\u201d, explic\u00f3 Kempff.<\/p><p>El segundo aguinaldo \u201cEsfuerzo por Bolivia\u201d se activa cuando el crecimiento interanual (julio \u00a0a junio del siguiente a\u00f1o) \u00a0del PIB del pa\u00eds supera el 4,5% y fue creado mediante el Decreto Supremo 1802 de noviembre de 2013.<\/p><p>Desde su creaci\u00f3n, el segundo aguinaldo se pag\u00f3 en cuatro oportunidades: en 2013, cuando el crecimiento del PIB \u00a0alcanz\u00f3 el 6,10%; en 2014, cuando la expansi\u00f3n lleg\u00f3 al 6,08%; 2015, con un crecimiento del \u00a05,23%, y en 2018, cuando el PIB creci\u00f3 en 4,61%.<\/p><p>Para 2019, el Gobierno tiene proyectado un crecimiento del 4,5% del PIB, mientras que organismos internacionales, como la Comisi\u00f3n Econ\u00f3mica para Am\u00e9rica Latina y el Caribe (Cepal), el Fondo Monetario Internacional (FMI) y el Banco Mundial \u00a0pronostican un crecimiento de 4%.<\/p><p>Contrabando<\/p><p>El presidente de la CNC se\u00f1al\u00f3 que la crisis en Argentina genera un problema adicional relacionado con el contrabando en las fronteras, fruto de las constantes devaluaciones de la moneda argentina, que hacen que sus productos bajen de precio e \u201cinunden\u201d los mercados de los pa\u00edses vecinos, como el de Bolivia.<\/p><p>\u201cEl problema del contrabando que ingresa desde Argentina es muy serio, principalmente porque est\u00e1 relacionado con la informalidad. En la actualidad, nuestra econom\u00eda es un 70% informal, estos productos que ingresar\u00e1n van a terminar inundando los mercados y la afectaci\u00f3n va a ser importante\u201d, se\u00f1al\u00f3 el ejecutivo del sector.<\/p><p>Digicert se convierte en la primera privada en ofrecer firma digital<\/p><p>\u00a0La C\u00e1mara Nacional de Comercio (CNC) present\u00f3 ayer Digicert, la primera empresa privada que prestar\u00e1 el servicio de firma digital \u00a0en Bolivia, se\u00f1al\u00f3 el presidente de la instituci\u00f3n empresarial, Rolando Kempff.<\/p><p>\u201cDigicert es la primera empresa privada autorizada para emitir firmas digitales en Bolivia, nace para cubrir necesidades de servicios digitales, por lo que creamos esta empresa que es una empresa hacia el futuro\u201d, dijo.<\/p><p>La empresa cuenta con el respaldo de \u00a0la CNC, la C\u00e1mara Nacional de Industrias (CNI), la C\u00e1mara de la Construcci\u00f3n de Santa Cruz (Cadecocruz) y la C\u00e1mara de Industria, Comercio, Servicios y Turismo de Santa Cruz (Cainco), entre otras.<\/p><p>Al respecto, el presidente de Digicert, V\u00edctor Hugo Su\u00e1rez, indic\u00f3 que esa compa\u00f1\u00eda ayudar\u00e1 a las empresas en el uso de tecnolog\u00eda para el desarrollo empresarial y para promover el gobierno electr\u00f3nico en Bolivia.<\/p><p>\u201cLas solicitudes son importantes, la firma digital dura 24 horas y es entregada en domicilio al empresario, cuenta con oficinas a nivel nacional\u201d, agreg\u00f3.<\/p><p>La firma digital se puede utilizar en transacciones bancarias, firmas de contratos comerciales, firma de correos, \u00a0facturas electr\u00f3nicas y tr\u00e1mites administrativos con instituciones p\u00fablicas y privadas, como la Aduana Nacional y el Servicio de Impuestos Nacionales, entre otras.<\/p><p>Hasta ayer, la \u00fanica entidad habilitada para la certificaci\u00f3n de firmas digitales, con validez dentro del Estado, era la \u00a0 Agencia para el Desarrollo de la Sociedad de la Informaci\u00f3n (Adsib).\u00a0<\/p><p>Su\u00e1rez agreg\u00f3 que esa empresa presenta el servicio de la facturaci\u00f3n electr\u00f3nica que est\u00e1 dirigido a las empresas bolivianas que requieren implementar ese nuevo sistema de acuerdo con la normativa impositiva vigente.<\/p><p>Se\u00f1al\u00f3 que se prev\u00e9 que entre el 1 de noviembre de este a\u00f1o y el 1 de noviembre de 2020 al menos 4.000 empresas accedan al servicio de facturaci\u00f3n electr\u00f3nica.<\/p><p>Para esto, Digicert cuenta, adem\u00e1s, con el respaldo y el apoyo t\u00e9cnico de la \u00a0compa\u00f1\u00eda espa\u00f1ola Edicom, una de las empresas l\u00edderes en todo el mundo en el mercado de los servicios de facturaci\u00f3n electr\u00f3nica.<\/p><p>\u00a0<\/p><p>La C\u00e1mara Nacional de Comercio (CNC) descart\u00f3 ayer el pago del segundo aguinaldo para este a\u00f1o, por la afectaci\u00f3n econ\u00f3mica de los incendios en el departamento de Santa Cruz, la crisis econ\u00f3mica mundial y la ca\u00edda de la demanda de gas de Argentina y Brasil.<\/p><p>De acuerdo con el presidente de la CNC, Rolando Kempff, el peso del departamento de Santa Cruz en total del Producto Interno Bruto (PIB) es del 30%, del cual el 11% se vio afectado por los incendios forestales.<\/p><p>\u201cSanta Cruz representa el 30% del total del PIB. Dentro de ese porcentaje, el 11% est\u00e1 representado por ganader\u00eda, pastos, piscicultura, silvicultura, turismo, y ese 11% se va a ver afectado por los incendios \u00a0en algunos puntos; no est\u00e1n cuantificados en este momento, pero seguro m\u00e1s adelante se tendr\u00e1 un dato m\u00e1s certero\u201d, explic\u00f3 el presidente de la instituci\u00f3n empresarial.<\/p><p>El titular del \u00a0CNC se\u00f1al\u00f3 que su ente empresarial \u00a0estima que el PIB para este a\u00f1o rondar\u00e1 el 3,9% y el 4% de crecimiento, por lo que descarta el pago del segundo aguinaldo para este a\u00f1o.<\/p><p>Kempff agreg\u00f3 que el desempe\u00f1o de la econom\u00eda en 2019 tambi\u00e9n se ve \u00a0 afectado por \u00a0el contexto internacional: la ca\u00edda en la demanda de gas natural por parte de Argentina y Brasil.<\/p><p>\u201cTenemos en el contexto mundial lo que son los \u00a0ciclos econ\u00f3micos y este ciclo est\u00e1 terminando y est\u00e1 de bajada, asimismo, nuestros principales mercados para el gas, desde hace algunos meses est\u00e1n demandando menos y eso nos va a afectar totalmente\u201d, explic\u00f3 Kempff.<\/p><p>El segundo aguinaldo \u201cEsfuerzo por Bolivia\u201d se activa cuando el crecimiento interanual (julio \u00a0a junio del siguiente a\u00f1o) \u00a0del PIB del pa\u00eds supera el 4,5% y fue creado mediante el Decreto Supremo 1802 de noviembre de 2013.<\/p><p>Desde su creaci\u00f3n, el segundo aguinaldo se pag\u00f3 en cuatro oportunidades: en 2013, cuando el crecimiento del PIB \u00a0alcanz\u00f3 el 6,10%; en 2014, cuando la expansi\u00f3n lleg\u00f3 al 6,08%; 2015, con un crecimiento del \u00a05,23%, y en 2018, cuando el PIB creci\u00f3 en 4,61%.<\/p><p>Para 2019, el Gobierno tiene proyectado un crecimiento del 4,5% del PIB, mientras que organismos internacionales, como la Comisi\u00f3n Econ\u00f3mica para Am\u00e9rica Latina y el Caribe (Cepal), el Fondo Monetario Internacional (FMI) y el Banco Mundial \u00a0pronostican un crecimiento de 4%.<\/p><p>Contrabando<\/p><p>El presidente de la CNC se\u00f1al\u00f3 que la crisis en Argentina genera un problema adicional relacionado con el contrabando en las fronteras, fruto de las constantes devaluaciones de la moneda argentina, que hacen que sus productos bajen de precio e \u201cinunden\u201d los mercados de los pa\u00edses vecinos, como el de Bolivia.<\/p><p>\u201cEl problema del contrabando que ingresa desde Argentina es muy serio, principalmente porque est\u00e1 relacionado con la informalidad. En la actualidad, nuestra econom\u00eda es un 70% informal, estos productos que ingresar\u00e1n van a terminar inundando los mercados y la afectaci\u00f3n va a ser importante\u201d, se\u00f1al\u00f3 el ejecutivo del sector.<\/p>\t\t\t\t\t\t\t\t<\/div>\n\t\t\t\t<\/div>\n\t\t\t\t<section class=\"elementor-section elementor-inner-section elementor-element elementor-element-5f2dbfb6 elementor-section-full_width elementor-section-height-default elementor-section-height-default\" data-id=\"5f2dbfb6\" data-element_type=\"section\">\n\t\t\t\t\t\t<div class=\"elementor-container elementor-column-gap-no\">\n\t\t\t\t\t<div class=\"elementor-column elementor-col-50 elementor-inner-column elementor-element elementor-element-2391e099\" data-id=\"2391e099\" data-element_type=\"column\">\n\t\t\t<div class=\"elementor-widget-wrap elementor-element-populated\">\n\t\t\t\t\t\t<div class=\"elementor-element elementor-element-c2e03e1 elementor-widget elementor-widget-heading\" data-id=\"c2e03e1\" data-element_type=\"widget\" data-widget_type=\"heading.default\">\n\t\t\t\t<div class=\"elementor-widget-container\">\n\t\t\t\t\t<span class=\"elementor-heading-title elementor-size-default\">M\u00e1s informaci\u00f3n:<\/span>\t\t\t\t<\/div>\n\t\t\t\t<\/div>\n\t\t\t\t\t<\/div>\n\t\t<\/div>\n\t\t\t\t<div class=\"elementor-column elementor-col-50 elementor-inner-column elementor-element elementor-element-251b81e1\" data-id=\"251b81e1\" data-element_type=\"column\">\n\t\t\t<div class=\"elementor-widget-wrap elementor-element-populated\">\n\t\t\t\t\t\t<div class=\"elementor-element elementor-element-b8c00b5 elementor-widget elementor-widget-heading\" data-id=\"b8c00b5\" data-element_type=\"widget\" data-widget_type=\"heading.default\">\n\t\t\t\t<div class=\"elementor-widget-container\">\n\t\t\t\t\t<span class=\"elementor-heading-title elementor-size-default\"><a href=\"https:\/\/www.paginasiete.bo\/economia\/2019\/9\/4\/cnc-descarta-segundo-aguinaldo-por-afectacion-de-los-incendios-229672.html\" target=\"_blank\"> https:\/\/www.paginasiete.bo\/economia\/2019\/9\/4\/cnc-descarta-segundo-aguinaldo-por-afectacion-de-los-incendios-229672.html<\/a><\/span>\t\t\t\t<\/div>\n\t\t\t\t<\/div>\n\t\t\t\t\t<\/div>\n\t\t<\/div>\n\t\t\t\t\t<\/div>\n\t\t<\/section>\n\t\t\t\t<div class=\"elementor-element elementor-element-542fe4a0 elementor-widget elementor-widget-heading\" data-id=\"542fe4a0\" data-element_type=\"widget\" data-widget_type=\"heading.default\">\n\t\t\t\t<div class=\"elementor-widget-container\">\n\t\t\t\t\t<span class=\"elementor-heading-title elementor-size-default\">Publicado el Lunes, 9 de Septiembre de 2019<\/span>\t\t\t\t<\/div>\n\t\t\t\t<\/div>\n\t\t\t\t\t<\/div>\n\t\t<\/div>\n\t\t\t\t<div class=\"elementor-column elementor-col-33 elementor-top-column elementor-element elementor-element-3b0999c\" data-id=\"3b0999c\" data-element_type=\"column\">\n\t\t\t<div class=\"elementor-widget-wrap\">\n\t\t\t\t\t\t\t<\/div>\n\t\t<\/div>\n\t\t\t\t\t<\/div>\n\t\t<\/section>\n\t\t\t\t<section class=\"elementor-section elementor-top-section elementor-element elementor-element-d50d7df elementor-section-full_width elementor-section-height-default elementor-section-height-default\" data-id=\"d50d7df\" data-element_type=\"section\">\n\t\t\t\t\t\t<div class=\"elementor-container elementor-column-gap-default\">\n\t\t\t\t\t<div class=\"elementor-column elementor-col-25 elementor-top-column elementor-element elementor-element-f856440\" data-id=\"f856440\" data-element_type=\"column\">\n\t\t\t<div class=\"elementor-widget-wrap\">\n\t\t\t\t\t\t\t<\/div>\n\t\t<\/div>\n\t\t\t\t<div class=\"elementor-column elementor-col-50 elementor-top-column elementor-element elementor-element-fccd2da\" data-id=\"fccd2da\" data-element_type=\"column\">\n\t\t\t<div class=\"elementor-widget-wrap elementor-element-populated\">\n\t\t\t\t\t\t<div class=\"elementor-element elementor-element-78fc2ef anwp-pg-widget-header-style--b anwp-pg-post-teaser__post-icon--size-16 elementor-widget elementor-widget-anwp-pg-classic-grid\" data-id=\"78fc2ef\" data-element_type=\"widget\" data-widget_type=\"anwp-pg-classic-grid.default\">\n\t\t\t\t<div class=\"elementor-widget-container\">\n\t\t\t\t\t<div class=\"anwp-pg-wrap\">\n\n\t\n\t<div class=\"d-flex anwp-row flex-wrap anwp-pg-classic-grid anwp-pg-posts-wrapper\">\n\t\t<div class=\"anwp-pg-post-teaser anwp-pg-post-teaser--inner-cover-link anwp-pg-post-teaser--layout-d d-flex flex-column anwp-col-lg-4 anwp-col-sm-4 anwp-col-12\">\n\t<div class=\"anwp-pg-post-teaser__thumbnail position-relative\">\n\n\t\t\t\t\t<div class=\"anwp-pg-post-teaser__top-meta d-flex flex-column anwp-pg-post-teaser__category-column mr-auto\">\n\t\t\t\t<div class=\"anwp-pg-category__wrapper-filled px-2 d-flex align-items-center anwp-pg-post-teaser__category-wrapper align-self-start anwp-pg-category-parent-0\" style=\"background-color: #1565C0\"><span>Noticias<\/span><\/div>\t\t\t<\/div>\n\t\t\t\n\t\t\n\t\t\t\t\t<img loading=\"lazy\" class=\"anwp-pg-post-teaser__thumbnail-img d-block anwp-pg-height-150 anwp-pg-sm-height-150 anwp-pg-lg-height-150 anwp-object-cover m-0 w-100\"\n\t\t\t\talt=\"BANCO ECOFUTURO ABRAZA A BOLIVIA\"\n\t\t\t\tsrc=\"https:\/\/asofinbolivia.com\/wp-content\/uploads\/2026\/04\/388e2c36-3f81-449e-8000-881c3d8e20ea.jpg\"\/>\n\t\t\n\t\t<div class=\"anwp-pg-post-teaser__thumbnail-bg anwp-position-cover\"><\/div>\n\n\t\t<a class=\"anwp-position-cover anwp-link-without-effects\" href=\"https:\/\/asofinbolivia.com\/index.php\/2026\/04\/24\/banco-ecofuturo-abraza-a-bolivia\/\" aria-hidden=\"true\" ><\/a>\n\t<\/div>\n\n\t<div class=\"anwp-pg-post-teaser__content flex-grow-1 pt-1 d-flex flex-column\">\n\n\t\t<div class=\"anwp-pg-post-teaser__title anwp-font-heading mt-2\">\n\t\t\t<a class=\"anwp-link-without-effects\" href=\"https:\/\/asofinbolivia.com\/index.php\/2026\/04\/24\/banco-ecofuturo-abraza-a-bolivia\/\" aria-hidden=\"true\" >\n\t\t\t\tBANCO ECOFUTURO ABRAZA A BOLIVIA\t\t\t<\/a>\n\t\t<\/div>\n\n\t\t<div class=\"anwp-pg-post-teaser__bottom-meta d-flex flex-wrap\">\n\n\t\t\t\n\t\t\t\t\t<\/div>\n\n\t\t\n\t\t\n\t<\/div>\n\n<\/div>\n<div class=\"anwp-pg-post-teaser anwp-pg-post-teaser--inner-cover-link anwp-pg-post-teaser--layout-d d-flex flex-column anwp-col-lg-4 anwp-col-sm-4 anwp-col-12\">\n\t<div class=\"anwp-pg-post-teaser__thumbnail position-relative\">\n\n\t\t\t\t\t<div class=\"anwp-pg-post-teaser__top-meta d-flex flex-column anwp-pg-post-teaser__category-column mr-auto\">\n\t\t\t\t<div class=\"anwp-pg-category__wrapper-filled px-2 d-flex align-items-center anwp-pg-post-teaser__category-wrapper align-self-start anwp-pg-category-parent-0\" style=\"background-color: #1565C0\"><span>Noticias<\/span><\/div>\t\t\t<\/div>\n\t\t\t\n\t\t\n\t\t\t\t\t<img loading=\"lazy\" class=\"anwp-pg-post-teaser__thumbnail-img d-block anwp-pg-height-150 anwp-pg-sm-height-150 anwp-pg-lg-height-150 anwp-object-cover m-0 w-100\"\n\t\t\t\talt=\"ASOFIN Y BANCOMUNIDAD PARTICIPARON COMO AUSPICIADORES EN EL CONGRESO EMPRESARIAL 2026\"\n\t\t\t\tsrc=\"https:\/\/asofinbolivia.com\/wp-content\/uploads\/2026\/04\/PCO.jpg\"\/>\n\t\t\n\t\t<div class=\"anwp-pg-post-teaser__thumbnail-bg anwp-position-cover\"><\/div>\n\n\t\t<a class=\"anwp-position-cover anwp-link-without-effects\" href=\"https:\/\/asofinbolivia.com\/index.php\/2026\/04\/24\/asofin-y-bancomunidad-participaron-como-auspiciadores-en-el-congreso-empresarial-2026\/\" aria-hidden=\"true\" ><\/a>\n\t<\/div>\n\n\t<div class=\"anwp-pg-post-teaser__content flex-grow-1 pt-1 d-flex flex-column\">\n\n\t\t<div class=\"anwp-pg-post-teaser__title anwp-font-heading mt-2\">\n\t\t\t<a class=\"anwp-link-without-effects\" href=\"https:\/\/asofinbolivia.com\/index.php\/2026\/04\/24\/asofin-y-bancomunidad-participaron-como-auspiciadores-en-el-congreso-empresarial-2026\/\" aria-hidden=\"true\" >\n\t\t\t\tASOFIN Y BANCOMUNIDAD PARTICIPARON COMO AUSPICIADORES EN EL CONGRESO EMPRESARIAL 2026\t\t\t<\/a>\n\t\t<\/div>\n\n\t\t<div class=\"anwp-pg-post-teaser__bottom-meta d-flex flex-wrap\">\n\n\t\t\t\n\t\t\t\t\t<\/div>\n\n\t\t\n\t\t\n\t<\/div>\n\n<\/div>\n<div class=\"anwp-pg-post-teaser anwp-pg-post-teaser--inner-cover-link anwp-pg-post-teaser--layout-d d-flex flex-column anwp-col-lg-4 anwp-col-sm-4 anwp-col-12\">\n\t<div class=\"anwp-pg-post-teaser__thumbnail position-relative\">\n\n\t\t\t\t\t<div class=\"anwp-pg-post-teaser__top-meta d-flex flex-column anwp-pg-post-teaser__category-column mr-auto\">\n\t\t\t\t<div class=\"anwp-pg-category__wrapper-filled px-2 d-flex align-items-center anwp-pg-post-teaser__category-wrapper align-self-start anwp-pg-category-parent-0\" style=\"background-color: #1565C0\"><span>Noticias<\/span><\/div>\t\t\t<\/div>\n\t\t\t\n\t\t\n\t\t\t\t\t<img loading=\"lazy\" class=\"anwp-pg-post-teaser__thumbnail-img d-block anwp-pg-height-150 anwp-pg-sm-height-150 anwp-pg-lg-height-150 anwp-object-cover m-0 w-100\"\n\t\t\t\talt=\"\u00a1BANCOSOL SE SUMA A PREMIOS VERDES &#8211; CAP\u00cdTULO BOLIVIA COMO ALIADO ESTRAT\u00c9GICO!\"\n\t\t\t\tsrc=\"https:\/\/asofinbolivia.com\/wp-content\/uploads\/2026\/04\/BSO-aliados.jpg\"\/>\n\t\t\n\t\t<div class=\"anwp-pg-post-teaser__thumbnail-bg anwp-position-cover\"><\/div>\n\n\t\t<a class=\"anwp-position-cover anwp-link-without-effects\" href=\"https:\/\/asofinbolivia.com\/index.php\/2026\/04\/24\/bancosol-se-suma-a-premios-verdes-capitulo-bolivia-como-aliado-estrategico\/\" aria-hidden=\"true\" ><\/a>\n\t<\/div>\n\n\t<div class=\"anwp-pg-post-teaser__content flex-grow-1 pt-1 d-flex flex-column\">\n\n\t\t<div class=\"anwp-pg-post-teaser__title anwp-font-heading mt-2\">\n\t\t\t<a class=\"anwp-link-without-effects\" href=\"https:\/\/asofinbolivia.com\/index.php\/2026\/04\/24\/bancosol-se-suma-a-premios-verdes-capitulo-bolivia-como-aliado-estrategico\/\" aria-hidden=\"true\" >\n\t\t\t\t\u00a1BANCOSOL SE SUMA A PREMIOS VERDES &#8211; CAP\u00cdTULO BOLIVIA COMO ALIADO ESTRAT\u00c9GICO!\t\t\t<\/a>\n\t\t<\/div>\n\n\t\t<div class=\"anwp-pg-post-teaser__bottom-meta d-flex flex-wrap\">\n\n\t\t\t\n\t\t\t\t\t<\/div>\n\n\t\t\n\t\t\n\t<\/div>\n\n<\/div>\n\t<\/div>\n\t\n\t<\/div>\n\t\t\t\t<\/div>\n\t\t\t\t<\/div>\n\t\t\t\t\t<\/div>\n\t\t<\/div>\n\t\t\t\t<div class=\"elementor-column elementor-col-25 elementor-top-column elementor-element elementor-element-9a93143\" data-id=\"9a93143\" data-element_type=\"column\">\n\t\t\t<div class=\"elementor-widget-wrap\">\n\t\t\t\t\t\t\t<\/div>\n\t\t<\/div>\n\t\t\t\t\t<\/div>\n\t\t<\/section>\n\t\t\t\t<\/div>\n\t\t","protected":false},"excerpt":{"rendered":"<p>La C\u00e1mara Nacional de Comercio (CNC) descart\u00f3 ayer el pago del segundo aguinaldo para este a\u00f1o, por la afectaci\u00f3n econ\u00f3mica de los incendios en el departamento de Santa Cruz, la crisis econ\u00f3mica mundial y la ca\u00edda de la demanda de gas de Argentina y Brasil. De acuerdo con el presidente de la CNC, Rolando Kempff, [&hellip;]<\/p>\n","protected":false},"author":2,"featured_media":6361,"comment_status":"closed","ping_status":"open","sticky":false,"template":"elementor_header_footer","format":"standard","meta":{"footnotes":""},"categories":[10],"tags":[],"class_list":["post-6286","post","type-post","status-publish","format-standard","has-post-thumbnail","hentry","category-noticias"],"_links":{"self":[{"href":"https:\/\/asofinbolivia.com\/index.php\/wp-json\/wp\/v2\/posts\/6286","targetHints":{"allow":["GET"]}}],"collection":[{"href":"https:\/\/asofinbolivia.com\/index.php\/wp-json\/wp\/v2\/posts"}],"about":[{"href":"https:\/\/asofinbolivia.com\/index.php\/wp-json\/wp\/v2\/types\/post"}],"author":[{"embeddable":true,"href":"https:\/\/asofinbolivia.com\/index.php\/wp-json\/wp\/v2\/users\/2"}],"replies":[{"embeddable":true,"href":"https:\/\/asofinbolivia.com\/index.php\/wp-json\/wp\/v2\/comments?post=6286"}],"version-history":[{"count":16,"href":"https:\/\/asofinbolivia.com\/index.php\/wp-json\/wp\/v2\/posts\/6286\/revisions"}],"predecessor-version":[{"id":19075,"href":"https:\/\/asofinbolivia.com\/index.php\/wp-json\/wp\/v2\/posts\/6286\/revisions\/19075"}],"wp:featuredmedia":[{"embeddable":true,"href":"https:\/\/asofinbolivia.com\/index.php\/wp-json\/wp\/v2\/media\/6361"}],"wp:attachment":[{"href":"https:\/\/asofinbolivia.com\/index.php\/wp-json\/wp\/v2\/media?parent=6286"}],"wp:term":[{"taxonomy":"category","embeddable":true,"href":"https:\/\/asofinbolivia.com\/index.php\/wp-json\/wp\/v2\/categories?post=6286"},{"taxonomy":"post_tag","embeddable":true,"href":"https:\/\/asofinbolivia.com\/index.php\/wp-json\/wp\/v2\/tags?post=6286"}],"curies":[{"name":"wp","href":"https:\/\/api.w.org\/{rel}","templated":true}]}}